{"id":214,"date":"2026-03-12T08:50:07","date_gmt":"2026-03-12T07:50:07","guid":{"rendered":"https:\/\/www.kgv-ueberherrn.de\/?p=214"},"modified":"2026-03-12T08:50:56","modified_gmt":"2026-03-12T07:50:56","slug":"wasser-wird-angestellt","status":"publish","type":"post","link":"https:\/\/www.kgv-ueberherrn.de\/index.php\/2026\/03\/12\/wasser-wird-angestellt\/","title":{"rendered":"Wasser wird angestellt &#8211; Samstag, 11.04.2026, 10:00 Uhr"},"content":{"rendered":"\n<p><\/p>\n\n\n\n<p>Liebe Mitglieder,<\/p>\n\n\n\n<p>am <strong>Samstag, den 11.04.2026 um ca. 10 Uhr<\/strong> wird in unserer Kleingartenanlage das Wasser zum Saisonbeginn wieder angestellt. Die Wasserh\u00e4hne m\u00fcssen zum o.g. Zeitpunkt geschlossen sein.<\/p>\n\n\n\n<p>Des Weiteren ist die <strong>Anwesenheit der P\u00e4chter oder ein offener Zugang in den Garten zum o.g. Termin Pflicht,<\/strong> um auf evtl. vorhandene Undichtigkeiten oder offene H\u00e4hne sofort reagieren zu k\u00f6nnen.<\/p>\n\n\n\n<p><strong>Gleichzeitig werden zum o.g. Termin vom gesamten Vorstand die Dichtigkeit der Wasseruhren gepr\u00fcft.<\/strong><\/p>\n\n\n\n<p><strong>Offene Ventile und verschlossene G\u00e4rten werden mit der Jahresrechnung 2026 mit einer Strafe von \u20ac 10,00 belegt.<\/strong><strong><\/strong><\/p>\n\n\n\n<p>Vielen Dank f\u00fcr Eure Mithilfe!<\/p>\n\n\n\n<p>Der Vorstand<\/p>\n","protected":false},"excerpt":{"rendered":"<p>Liebe Mitglieder, am Samstag, den 11.04.2026 um ca. 10 Uhr wird in unserer Kleingartenanlage das Wasser zum Saisonbeginn wieder angestellt. Die Wasserh\u00e4hne m\u00fcssen zum o.g. Zeitpunkt geschlossen sein. Des Weiteren ist die Anwesenheit der P\u00e4chter oder ein offener Zugang in den Garten zum o.g. Termin Pflicht, um auf evtl. vorhandene [&hellip;]<\/p>\n","protected":false},"author":1,"featured_media":0,"comment_status":"closed","ping_status":"","sticky":false,"template":"","format":"standard","meta":{"footnotes":""},"categories":[1],"tags":[],"class_list":["post-214","post","type-post","status-publish","format-standard","hentry","category-allgemein"],"_links":{"self":[{"href":"https:\/\/www.kgv-ueberherrn.de\/index.php\/wp-json\/wp\/v2\/posts\/214","targetHints":{"allow":["GET"]}}],"collection":[{"href":"https:\/\/www.kgv-ueberherrn.de\/index.php\/wp-json\/wp\/v2\/posts"}],"about":[{"href":"https:\/\/www.kgv-ueberherrn.de\/index.php\/wp-json\/wp\/v2\/types\/post"}],"author":[{"embeddable":true,"href":"https:\/\/www.kgv-ueberherrn.de\/index.php\/wp-json\/wp\/v2\/users\/1"}],"replies":[{"embeddable":true,"href":"https:\/\/www.kgv-ueberherrn.de\/index.php\/wp-json\/wp\/v2\/comments?post=214"}],"version-history":[{"count":3,"href":"https:\/\/www.kgv-ueberherrn.de\/index.php\/wp-json\/wp\/v2\/posts\/214\/revisions"}],"predecessor-version":[{"id":217,"href":"https:\/\/www.kgv-ueberherrn.de\/index.php\/wp-json\/wp\/v2\/posts\/214\/revisions\/217"}],"wp:attachment":[{"href":"https:\/\/www.kgv-ueberherrn.de\/index.php\/wp-json\/wp\/v2\/media?parent=214"}],"wp:term":[{"taxonomy":"category","embeddable":true,"href":"https:\/\/www.kgv-ueberherrn.de\/index.php\/wp-json\/wp\/v2\/categories?post=214"},{"taxonomy":"post_tag","embeddable":true,"href":"https:\/\/www.kgv-ueberherrn.de\/index.php\/wp-json\/wp\/v2\/tags?post=214"}],"curies":[{"name":"wp","href":"https:\/\/api.w.org\/{rel}","templated":true}]}}