{"id":211,"date":"2026-03-12T08:41:53","date_gmt":"2026-03-12T07:41:53","guid":{"rendered":"https:\/\/www.kgv-ueberherrn.de\/?p=211"},"modified":"2026-03-12T08:41:53","modified_gmt":"2026-03-12T07:41:53","slug":"haecksel-aktion-im-kleingartenverein-arbeitseinsatz-zum-abbau-von-pflichtsstunden","status":"publish","type":"post","link":"https:\/\/www.kgv-ueberherrn.de\/index.php\/2026\/03\/12\/haecksel-aktion-im-kleingartenverein-arbeitseinsatz-zum-abbau-von-pflichtsstunden\/","title":{"rendered":"H\u00e4cksel-Aktion im Kleingartenverein \u2013 Arbeitseinsatz zum Abbau von Pflichtsstunden"},"content":{"rendered":"\n<p>Liebe Vereinsmitglieder,<\/p>\n\n\n\n<p>am <strong>Samstag, den 21.03.2026, ab 10:00 Uhr<\/strong> findet auf unserem Vereinsgel\u00e4nde eine <strong>H\u00e4cksel-Aktion<\/strong> statt. Dabei sollen anfallende \u00c4ste und Strauchschnitt gemeinsam geh\u00e4ckselt werden.<\/p>\n\n\n\n<p>Dieser Arbeitseinsatz bietet euch die M\u00f6glichkeit, <strong>Pflichtstunden f\u00fcr das laufende Gartenjahr abzubauen<\/strong>. Wer also noch Stunden offen hat, ist herzlich eingeladen, sich zu beteiligen.<\/p>\n\n\n\n<p>Bitte bringt \u2013 wenn m\u00f6glich \u2013 <strong>Arbeitshandschuhe und geeignetes Werkzeug<\/strong> (z. B. Astscheren oder S\u00e4gen) mit. F\u00fcr eine bessere Planung w\u00e4re eine kurze R\u00fcckmeldung \u00fcber eure Teilnahme hilfreich.<\/p>\n\n\n\n<p>Wir freuen uns \u00fcber zahlreiche helfende H\u00e4nde und auf einen produktiven gemeinsamen Arbeitseinsatz.<\/p>\n\n\n\n<p>Mit freundlichen Gr\u00fc\u00dfen<br><strong>Der Vorstand<\/strong><\/p>\n","protected":false},"excerpt":{"rendered":"<p>Liebe Vereinsmitglieder, am Samstag, den 21.03.2026, ab 10:00 Uhr findet auf unserem Vereinsgel\u00e4nde eine H\u00e4cksel-Aktion statt. Dabei sollen anfallende \u00c4ste und Strauchschnitt gemeinsam geh\u00e4ckselt werden. Dieser Arbeitseinsatz bietet euch die M\u00f6glichkeit, Pflichtstunden f\u00fcr das laufende Gartenjahr abzubauen. Wer also noch Stunden offen hat, ist herzlich eingeladen, sich zu beteiligen. Bitte [&hellip;]<\/p>\n","protected":false},"author":1,"featured_media":0,"comment_status":"closed","ping_status":"","sticky":false,"template":"","format":"standard","meta":{"footnotes":""},"categories":[1],"tags":[],"class_list":["post-211","post","type-post","status-publish","format-standard","hentry","category-allgemein"],"_links":{"self":[{"href":"https:\/\/www.kgv-ueberherrn.de\/index.php\/wp-json\/wp\/v2\/posts\/211","targetHints":{"allow":["GET"]}}],"collection":[{"href":"https:\/\/www.kgv-ueberherrn.de\/index.php\/wp-json\/wp\/v2\/posts"}],"about":[{"href":"https:\/\/www.kgv-ueberherrn.de\/index.php\/wp-json\/wp\/v2\/types\/post"}],"author":[{"embeddable":true,"href":"https:\/\/www.kgv-ueberherrn.de\/index.php\/wp-json\/wp\/v2\/users\/1"}],"replies":[{"embeddable":true,"href":"https:\/\/www.kgv-ueberherrn.de\/index.php\/wp-json\/wp\/v2\/comments?post=211"}],"version-history":[{"count":1,"href":"https:\/\/www.kgv-ueberherrn.de\/index.php\/wp-json\/wp\/v2\/posts\/211\/revisions"}],"predecessor-version":[{"id":212,"href":"https:\/\/www.kgv-ueberherrn.de\/index.php\/wp-json\/wp\/v2\/posts\/211\/revisions\/212"}],"wp:attachment":[{"href":"https:\/\/www.kgv-ueberherrn.de\/index.php\/wp-json\/wp\/v2\/media?parent=211"}],"wp:term":[{"taxonomy":"category","embeddable":true,"href":"https:\/\/www.kgv-ueberherrn.de\/index.php\/wp-json\/wp\/v2\/categories?post=211"},{"taxonomy":"post_tag","embeddable":true,"href":"https:\/\/www.kgv-ueberherrn.de\/index.php\/wp-json\/wp\/v2\/tags?post=211"}],"curies":[{"name":"wp","href":"https:\/\/api.w.org\/{rel}","templated":true}]}}